{"id":20794,"date":"2026-04-30T23:05:57","date_gmt":"2026-04-30T21:05:57","guid":{"rendered":"https:\/\/www.impulsasuite.com\/blog\/webinar-propyme-digitalizacion-procesos-comerciales-pymes-2026\/"},"modified":"2026-04-30T23:10:11","modified_gmt":"2026-04-30T21:10:11","slug":"webinar-propyme-digitalizacion-procesos-comerciales-pymes-2026","status":"publish","type":"post","link":"https:\/\/www.impulsasuite.com\/blog\/webinar-propyme-digitalizacion-procesos-comerciales-pymes-2026\/","title":{"rendered":"Mat\u00edas Concha en el 8\u00b0 Webinar ProEmpresas 2026: Las empresas no pierden ventas por falta de clientes"},"content":{"rendered":"\r\n\r\n\r\n<p>Esa fue la frase con la que Mat\u00edas Concha abri\u00f3 su bloque en el 8\u00b0 Webinar ProEmpresas. No como provocaci\u00f3n. Como diagn\u00f3stico.<\/p>\r\n\r\n\r\n\r\n<p>El evento lo organiz\u00f3 ProPyme con socios como Banco de Chile, Empresas Sura, CORFO y Mutual de Seguridad. Mat\u00edas habl\u00f3 entre las 11:40 y las 12:30, invitado por Empresas Sura, sobre digitalizaci\u00f3n de procesos comerciales. Lo que sigui\u00f3 fue una hora de conversaci\u00f3n directa sobre por qu\u00e9 tantas Pymes trabajan duro y aun as\u00ed dejan dinero sobre la mesa.<\/p>\r\n\r\n\r\n\r\n<figure class=\"wp-block-image size-large\"><img loading=\"lazy\" decoding=\"async\" width=\"800\" height=\"458\" class=\"wp-image-20793\" src=\"https:\/\/www.impulsasuite.com\/blog\/wp-content\/uploads\/2026\/04\/Sura.jpeg\" alt=\"Flyer oficial del 8\u00b0 Webinar ProEmpresas 2026 \u2014 ProPyme con Mat\u00edas Concha de IMPULSA Suite\" srcset=\"https:\/\/www.impulsasuite.com\/blog\/wp-content\/uploads\/2026\/04\/Sura.jpeg 800w, https:\/\/www.impulsasuite.com\/blog\/wp-content\/uploads\/2026\/04\/Sura-300x172.jpeg 300w, https:\/\/www.impulsasuite.com\/blog\/wp-content\/uploads\/2026\/04\/Sura-768x440.jpeg 768w\" sizes=\"auto, (max-width: 800px) 100vw, 800px\" \/>\r\n<figcaption class=\"wp-element-caption\">8\u00b0 Webinar ProEmpresas 2026. Mat\u00edas Concha, CEO de IMPULSA Suite, fue invitado por Empresas Sura.<\/figcaption>\r\n<\/figure>\r\n\r\n\r\n<hr class=\"wp-block-separator has-alpha-channel-opacity\" \/>\r\n\r\n\r\n<h2 class=\"wp-block-heading\">El problema no es vender, es gestionar c\u00f3mo vendes<\/h2>\r\n\r\n\r\n\r\n<p>La mayor\u00eda de los due\u00f1os de empresa con los que trabaja IMPULSA tienen el mismo patr\u00f3n: saben que est\u00e1n perdiendo negocios, pero no saben exactamente d\u00f3nde. Los leads llegan, los vendedores hacen lo suyo, y los cierres ocurren o no ocurren. Lo que no hay es registro de por qu\u00e9.<\/p>\r\n\r\n\r\n\r\n<p>Mat\u00edas lo mostr\u00f3 con un n\u00famero concreto. Si tienes 100 leads al mes, ticket promedio de $300.000 y el 70% no recibe gesti\u00f3n adecuada, est\u00e1s dejando pasar $21.000.000 al mes. No porque te falten clientes. Porque no tienes proceso.<\/p>\r\n\r\n\r\n\r\n<blockquote class=\"wp-block-quote is-layout-flow wp-block-quote-is-layout-flow\">\r\n<p>\u00abLo que no est\u00e1 definido, no se puede medir. Y lo que no se mide, no se puede mejorar.\u00bb \u2014 Mat\u00edas Concha, CEO IMPULSA Suite<\/p>\r\n<\/blockquote>\r\n\r\n\r\n\r\n<p>La diferencia entre una empresa que depende de la memoria de sus vendedores y una que depende de su proceso es exactamente esa: cuando el vendedor se va, se va el negocio con \u00e9l.<\/p>\r\n\r\n\r\n<hr class=\"wp-block-separator has-alpha-channel-opacity\" \/>\r\n\r\n\r\n<h2 class=\"wp-block-heading\">B2B y B2C: el desorden se ve distinto, el costo no<\/h2>\r\n\r\n\r\n\r\n<p>Una parte de la charla que gener\u00f3 conversaci\u00f3n fue la distinci\u00f3n entre ventas B2B y B2C. No en t\u00e9rminos abstractos, sino en c\u00f3mo se ve el caos en cada caso.<\/p>\r\n\r\n\r\n\r\n<p>En B2B, el ciclo es largo. Hay varios decisores, la propuesta se trabaja durante semanas, y las oportunidades se estancan porque nadie registr\u00f3 qu\u00e9 se habl\u00f3 en la \u00faltima reuni\u00f3n. Las cotizaciones quedan en el correo del vendedor. Las negociaciones se retoman en fr\u00edo porque nadie program\u00f3 un seguimiento.<\/p>\r\n\r\n\r\n\r\n<blockquote class=\"wp-block-quote is-layout-flow wp-block-quote-is-layout-flow\">\r\n<p>\u00abEn B2B no pierdes por falta de clientes. Pierdes por falta de gesti\u00f3n.\u00bb \u2014 Mat\u00edas Concha<\/p>\r\n<\/blockquote>\r\n\r\n\r\n\r\n<p>En B2C, el problema es distinto pero igual de caro. Los tiempos son cortos y la competencia es inmediata. Un prospecto que escribe por WhatsApp y no recibe respuesta en 20 minutos, escribe al siguiente. El proceso existe en casi todas las empresas, solo que nadie lo document\u00f3. Cada vendedor lo hace a su manera.<\/p>\r\n\r\n\r\n\r\n<blockquote class=\"wp-block-quote is-layout-flow wp-block-quote-is-layout-flow\">\r\n<p>\u00abEn B2C no tienes menos proceso. Tienes menos tiempo para hacerlo bien.\u00bb \u2014 Mat\u00edas Concha<\/p>\r\n<\/blockquote>\r\n\r\n\r\n<hr class=\"wp-block-separator has-alpha-channel-opacity\" \/>\r\n\r\n\r\n<h2 class=\"wp-block-heading\">El software no arregla el desorden. Lo escala<\/h2>\r\n\r\n\r\n\r\n<p>Este punto apareci\u00f3 varias veces durante el webinar, y es el error que m\u00e1s ve el equipo de IMPULSA cuando entra a una empresa nueva.<\/p>\r\n\r\n\r\n\r\n<p>Antes de elegir un CRM, hay que saber c\u00f3mo vendes. Cu\u00e1les son las etapas de tu proceso, en qu\u00e9 punto se cae la mayor\u00eda de las oportunidades, qu\u00e9 informaci\u00f3n necesitas registrar en cada etapa. Si eso no est\u00e1 definido, cualquier herramienta que instales va a ser un gasto.<\/p>\r\n\r\n\r\n\r\n<p>Un CRM no es solo una base de datos de contactos. Es donde defines c\u00f3mo vendes, c\u00f3mo haces seguimiento y c\u00f3mo fidelizas a los clientes que ya tienes. Pero requiere que el proceso exista antes de llegar al software.<\/p>\r\n\r\n\r\n\r\n<p>Los criterios que mencion\u00f3 Mat\u00edas para elegir bien: que la herramienta se adapte a tu proceso y no al rev\u00e9s, que el equipo la entienda sin meses de capacitaci\u00f3n, que haya soporte cuando algo falla, y que escale sin que el costo se dispare cuando crezcas. Para adoptar bien: planificar, adaptar, capacitar, optimizar, en ese orden. El paso que m\u00e1s se saltea es el primero.<\/p>\r\n\r\n\r\n<hr class=\"wp-block-separator has-alpha-channel-opacity\" \/>\r\n\r\n\r\n<h2 class=\"wp-block-heading\">La IA como acelerador, no como punto de partida<\/h2>\r\n\r\n\r\n\r\n<p>Mat\u00edas dedic\u00f3 una secci\u00f3n a inteligencia artificial, y fue probablemente la m\u00e1s honesta de la charla.<\/p>\r\n\r\n\r\n\r\n<blockquote class=\"wp-block-quote is-layout-flow wp-block-quote-is-layout-flow\">\r\n<p>\u00abLa IA no es el punto de partida. Es el acelerador.\u00bb \u2014 Mat\u00edas Concha<\/p>\r\n<\/blockquote>\r\n\r\n\r\n\r\n<p>En la pr\u00e1ctica, si ya tienes un proceso definido, la IA puede ayudarte a responder m\u00e1s r\u00e1pido, resumir conversaciones, priorizar qu\u00e9 oportunidades atender primero, reactivar clientes que no han comprado en meses. Todo eso funciona cuando hay algo debajo.<\/p>\r\n\r\n\r\n\r\n<p>Sin proceso, la IA amplifica el caos como lo har\u00eda cualquier otro software. Responde m\u00e1s r\u00e1pido mensajes que nadie deber\u00eda haber recibido. Genera reportes de un embudo que no existe. El desorden a mayor velocidad sigue siendo desorden.<\/p>\r\n\r\n\r\n<hr class=\"wp-block-separator has-alpha-channel-opacity\" \/>\r\n\r\n\r\n<h2 class=\"wp-block-heading\">C\u00f3mo se ve en la pr\u00e1ctica<\/h2>\r\n\r\n\r\n\r\n<p>La parte final del bloque fue en pantalla. Mat\u00edas mostr\u00f3 el IMPULSA CRM con casos reales: el embudo con etapas claras, un lead de WhatsApp llegando directo al sistema, el vendedor viendo en segundos en qu\u00e9 punto est\u00e1 cada oportunidad y qu\u00e9 acci\u00f3n sigue.<\/p>\r\n\r\n\r\n\r\n<p>Si quieres ver el bloque completo, te dejamos aqu\u00ed el webinar:<\/p>\r\n<p><iframe loading=\"lazy\" title=\"8vo Webinar ProEmpresas 2026 \u201cDe la Reuni\u00f3n a la Venta y Digitalizaci\u00f3n del Proceso Comercial\u201d\" width=\"1100\" height=\"619\" src=\"https:\/\/www.youtube.com\/embed\/mQZhvsZFU6Q?start=4760&#038;feature=oembed\" frameborder=\"0\" allow=\"accelerometer; autoplay; clipboard-write; encrypted-media; gyroscope; picture-in-picture; web-share\" referrerpolicy=\"strict-origin-when-cross-origin\" allowfullscreen><\/iframe><\/p>\r\n\r\n\r\n<hr class=\"wp-block-separator has-alpha-channel-opacity\" \/>\r\n\r\n\r\n<p>\u00bfQuieres ver c\u00f3mo funciona el proceso en tu empresa? <a href=\"https:\/\/impulsasuite.com\/demo\" target=\"_blank\" rel=\"noopener\">Solicita una demo aqu\u00ed<\/a>. Se puede pedir con el proceso ya documentado para que la sesi\u00f3n tenga sentido desde el minuto uno.<\/p>\r\n","protected":false},"excerpt":{"rendered":"<p> [&hellip;]<\/p>\n","protected":false},"author":8,"featured_media":20792,"comment_status":"closed","ping_status":"closed","sticky":false,"template":"","format":"standard","meta":{"footnotes":""},"categories":[85,82],"tags":[],"class_list":["post-20794","post","type-post","status-publish","format-standard","has-post-thumbnail","hentry","category-chile","category-nosotros"],"yoast_head":"<!-- This site is optimized with the Yoast SEO plugin v27.0 - https:\/\/yoast.com\/product\/yoast-seo-wordpress\/ -->\n<title>Mat\u00edas Concha en el 8\u00b0 Webinar ProEmpresas 2026: Las empresas no pierden ventas por falta de clientes - Blog de IMPULSA Suite<\/title>\n<meta name=\"robots\" content=\"index, follow, max-snippet:-1, max-image-preview:large, max-video-preview:-1\" \/>\n<link rel=\"canonical\" href=\"https:\/\/www.impulsasuite.com\/blog\/webinar-propyme-digitalizacion-procesos-comerciales-pymes-2026\/\" \/>\n<meta property=\"og:locale\" content=\"es_ES\" \/>\n<meta property=\"og:type\" content=\"article\" \/>\n<meta property=\"og:title\" content=\"Mat\u00edas Concha en el 8\u00b0 Webinar ProEmpresas 2026: Las empresas no pierden ventas por falta de clientes - Blog de IMPULSA Suite\" \/>\n<meta property=\"og:description\" content=\"[&hellip;]\" \/>\n<meta property=\"og:url\" content=\"https:\/\/www.impulsasuite.com\/blog\/webinar-propyme-digitalizacion-procesos-comerciales-pymes-2026\/\" \/>\n<meta property=\"og:site_name\" content=\"Blog de IMPULSA Suite\" \/>\n<meta property=\"article:published_time\" content=\"2026-04-30T21:05:57+00:00\" \/>\n<meta property=\"article:modified_time\" content=\"2026-04-30T21:10:11+00:00\" \/>\n<meta property=\"og:image\" content=\"https:\/\/www.impulsasuite.com\/blog\/wp-content\/uploads\/2026\/04\/mati.png\" \/>\n\t<meta property=\"og:image:width\" content=\"989\" \/>\n\t<meta property=\"og:image:height\" content=\"776\" \/>\n\t<meta property=\"og:image:type\" content=\"image\/png\" \/>\n<meta name=\"author\" content=\"Sebastian Leiva\" \/>\n<meta name=\"twitter:card\" content=\"summary_large_image\" \/>\n<meta name=\"twitter:label1\" content=\"Escrito por\" \/>\n\t<meta name=\"twitter:data1\" content=\"Sebastian Leiva\" \/>\n\t<meta name=\"twitter:label2\" content=\"Tiempo de lectura\" \/>\n\t<meta name=\"twitter:data2\" content=\"4 minutos\" \/>\n<script type=\"application\/ld+json\" class=\"yoast-schema-graph\">{\"@context\":\"https:\/\/schema.org\",\"@graph\":[{\"@type\":\"Article\",\"@id\":\"https:\/\/www.impulsasuite.com\/blog\/webinar-propyme-digitalizacion-procesos-comerciales-pymes-2026\/#article\",\"isPartOf\":{\"@id\":\"https:\/\/www.impulsasuite.com\/blog\/webinar-propyme-digitalizacion-procesos-comerciales-pymes-2026\/\"},\"author\":{\"name\":\"Sebastian Leiva\",\"@id\":\"https:\/\/www.impulsasuite.com\/blog\/#\/schema\/person\/656716a5cda36bc7b6af17ea7a8f3613\"},\"headline\":\"Mat\u00edas Concha en el 8\u00b0 Webinar ProEmpresas 2026: Las empresas no pierden ventas por falta de clientes\",\"datePublished\":\"2026-04-30T21:05:57+00:00\",\"dateModified\":\"2026-04-30T21:10:11+00:00\",\"mainEntityOfPage\":{\"@id\":\"https:\/\/www.impulsasuite.com\/blog\/webinar-propyme-digitalizacion-procesos-comerciales-pymes-2026\/\"},\"wordCount\":898,\"publisher\":{\"@id\":\"https:\/\/www.impulsasuite.com\/blog\/#organization\"},\"image\":{\"@id\":\"https:\/\/www.impulsasuite.com\/blog\/webinar-propyme-digitalizacion-procesos-comerciales-pymes-2026\/#primaryimage\"},\"thumbnailUrl\":\"https:\/\/www.impulsasuite.com\/blog\/wp-content\/uploads\/2026\/04\/mati.png\",\"articleSection\":[\"Chile\",\"Nosotros\"],\"inLanguage\":\"es\"},{\"@type\":\"WebPage\",\"@id\":\"https:\/\/www.impulsasuite.com\/blog\/webinar-propyme-digitalizacion-procesos-comerciales-pymes-2026\/\",\"url\":\"https:\/\/www.impulsasuite.com\/blog\/webinar-propyme-digitalizacion-procesos-comerciales-pymes-2026\/\",\"name\":\"Mat\u00edas Concha en el 8\u00b0 Webinar ProEmpresas 2026: Las empresas no pierden ventas por falta de clientes - Blog de IMPULSA Suite\",\"isPartOf\":{\"@id\":\"https:\/\/www.impulsasuite.com\/blog\/#website\"},\"primaryImageOfPage\":{\"@id\":\"https:\/\/www.impulsasuite.com\/blog\/webinar-propyme-digitalizacion-procesos-comerciales-pymes-2026\/#primaryimage\"},\"image\":{\"@id\":\"https:\/\/www.impulsasuite.com\/blog\/webinar-propyme-digitalizacion-procesos-comerciales-pymes-2026\/#primaryimage\"},\"thumbnailUrl\":\"https:\/\/www.impulsasuite.com\/blog\/wp-content\/uploads\/2026\/04\/mati.png\",\"datePublished\":\"2026-04-30T21:05:57+00:00\",\"dateModified\":\"2026-04-30T21:10:11+00:00\",\"breadcrumb\":{\"@id\":\"https:\/\/www.impulsasuite.com\/blog\/webinar-propyme-digitalizacion-procesos-comerciales-pymes-2026\/#breadcrumb\"},\"inLanguage\":\"es\",\"potentialAction\":[{\"@type\":\"ReadAction\",\"target\":[\"https:\/\/www.impulsasuite.com\/blog\/webinar-propyme-digitalizacion-procesos-comerciales-pymes-2026\/\"]}]},{\"@type\":\"ImageObject\",\"inLanguage\":\"es\",\"@id\":\"https:\/\/www.impulsasuite.com\/blog\/webinar-propyme-digitalizacion-procesos-comerciales-pymes-2026\/#primaryimage\",\"url\":\"https:\/\/www.impulsasuite.com\/blog\/wp-content\/uploads\/2026\/04\/mati.png\",\"contentUrl\":\"https:\/\/www.impulsasuite.com\/blog\/wp-content\/uploads\/2026\/04\/mati.png\",\"width\":989,\"height\":776,\"caption\":\"Mat\u00edas Concha, CEO y Fundador de IMPULSA Suite, expositor en el 8\u00b0 Webinar ProEmpresas 2026\"},{\"@type\":\"BreadcrumbList\",\"@id\":\"https:\/\/www.impulsasuite.com\/blog\/webinar-propyme-digitalizacion-procesos-comerciales-pymes-2026\/#breadcrumb\",\"itemListElement\":[{\"@type\":\"ListItem\",\"position\":1,\"name\":\"Portada\",\"item\":\"https:\/\/www.impulsasuite.com\/blog\/\"},{\"@type\":\"ListItem\",\"position\":2,\"name\":\"Mat\u00edas Concha en el 8\u00b0 Webinar ProEmpresas 2026: Las empresas no pierden ventas por falta de clientes\"}]},{\"@type\":\"WebSite\",\"@id\":\"https:\/\/www.impulsasuite.com\/blog\/#website\",\"url\":\"https:\/\/www.impulsasuite.com\/blog\/\",\"name\":\"Blog de IMPULSA - CRM, Marketing, Ventas y m\u00e1s\",\"description\":\"\",\"publisher\":{\"@id\":\"https:\/\/www.impulsasuite.com\/blog\/#organization\"},\"potentialAction\":[{\"@type\":\"SearchAction\",\"target\":{\"@type\":\"EntryPoint\",\"urlTemplate\":\"https:\/\/www.impulsasuite.com\/blog\/?s={search_term_string}\"},\"query-input\":{\"@type\":\"PropertyValueSpecification\",\"valueRequired\":true,\"valueName\":\"search_term_string\"}}],\"inLanguage\":\"es\"},{\"@type\":\"Organization\",\"@id\":\"https:\/\/www.impulsasuite.com\/blog\/#organization\",\"name\":\"IMPULSA Suite\",\"url\":\"https:\/\/www.impulsasuite.com\/blog\/\",\"logo\":{\"@type\":\"ImageObject\",\"inLanguage\":\"es\",\"@id\":\"https:\/\/www.impulsasuite.com\/blog\/#\/schema\/logo\/image\/\",\"url\":\"https:\/\/www.impulsasuite.com\/blog\/wp-content\/uploads\/2024\/09\/isologo-IMPULSA-Suite.png\",\"contentUrl\":\"https:\/\/www.impulsasuite.com\/blog\/wp-content\/uploads\/2024\/09\/isologo-IMPULSA-Suite.png\",\"width\":1772,\"height\":1772,\"caption\":\"IMPULSA Suite\"},\"image\":{\"@id\":\"https:\/\/www.impulsasuite.com\/blog\/#\/schema\/logo\/image\/\"},\"sameAs\":[\"https:\/\/www.linkedin.com\/company\/impulsasuite\/\",\"https:\/\/www.instagram.com\/impulsasuite\/\"]},{\"@type\":\"Person\",\"@id\":\"https:\/\/www.impulsasuite.com\/blog\/#\/schema\/person\/656716a5cda36bc7b6af17ea7a8f3613\",\"name\":\"Sebastian Leiva\",\"image\":{\"@type\":\"ImageObject\",\"inLanguage\":\"es\",\"@id\":\"https:\/\/www.impulsasuite.com\/blog\/#\/schema\/person\/image\/\",\"url\":\"https:\/\/secure.gravatar.com\/avatar\/83ae62ffb79545323caf1f284480f45a16e07e8a0ba983029e951ae458686bb1?s=96&d=mm&r=g\",\"contentUrl\":\"https:\/\/secure.gravatar.com\/avatar\/83ae62ffb79545323caf1f284480f45a16e07e8a0ba983029e951ae458686bb1?s=96&d=mm&r=g\",\"caption\":\"Sebastian Leiva\"},\"url\":\"https:\/\/www.impulsasuite.com\/blog\/author\/director-seo-claude\/\"}]}<\/script>\n<!-- \/ Yoast SEO plugin. -->","yoast_head_json":{"title":"Mat\u00edas Concha en el 8\u00b0 Webinar ProEmpresas 2026: Las empresas no pierden ventas por falta de clientes - Blog de IMPULSA Suite","robots":{"index":"index","follow":"follow","max-snippet":"max-snippet:-1","max-image-preview":"max-image-preview:large","max-video-preview":"max-video-preview:-1"},"canonical":"https:\/\/www.impulsasuite.com\/blog\/webinar-propyme-digitalizacion-procesos-comerciales-pymes-2026\/","og_locale":"es_ES","og_type":"article","og_title":"Mat\u00edas Concha en el 8\u00b0 Webinar ProEmpresas 2026: Las empresas no pierden ventas por falta de clientes - Blog de IMPULSA Suite","og_description":"[&hellip;]","og_url":"https:\/\/www.impulsasuite.com\/blog\/webinar-propyme-digitalizacion-procesos-comerciales-pymes-2026\/","og_site_name":"Blog de IMPULSA Suite","article_published_time":"2026-04-30T21:05:57+00:00","article_modified_time":"2026-04-30T21:10:11+00:00","og_image":[{"width":989,"height":776,"url":"https:\/\/www.impulsasuite.com\/blog\/wp-content\/uploads\/2026\/04\/mati.png","type":"image\/png"}],"author":"Sebastian Leiva","twitter_card":"summary_large_image","twitter_misc":{"Escrito por":"Sebastian Leiva","Tiempo de lectura":"4 minutos"},"schema":{"@context":"https:\/\/schema.org","@graph":[{"@type":"Article","@id":"https:\/\/www.impulsasuite.com\/blog\/webinar-propyme-digitalizacion-procesos-comerciales-pymes-2026\/#article","isPartOf":{"@id":"https:\/\/www.impulsasuite.com\/blog\/webinar-propyme-digitalizacion-procesos-comerciales-pymes-2026\/"},"author":{"name":"Sebastian Leiva","@id":"https:\/\/www.impulsasuite.com\/blog\/#\/schema\/person\/656716a5cda36bc7b6af17ea7a8f3613"},"headline":"Mat\u00edas Concha en el 8\u00b0 Webinar ProEmpresas 2026: Las empresas no pierden ventas por falta de clientes","datePublished":"2026-04-30T21:05:57+00:00","dateModified":"2026-04-30T21:10:11+00:00","mainEntityOfPage":{"@id":"https:\/\/www.impulsasuite.com\/blog\/webinar-propyme-digitalizacion-procesos-comerciales-pymes-2026\/"},"wordCount":898,"publisher":{"@id":"https:\/\/www.impulsasuite.com\/blog\/#organization"},"image":{"@id":"https:\/\/www.impulsasuite.com\/blog\/webinar-propyme-digitalizacion-procesos-comerciales-pymes-2026\/#primaryimage"},"thumbnailUrl":"https:\/\/www.impulsasuite.com\/blog\/wp-content\/uploads\/2026\/04\/mati.png","articleSection":["Chile","Nosotros"],"inLanguage":"es"},{"@type":"WebPage","@id":"https:\/\/www.impulsasuite.com\/blog\/webinar-propyme-digitalizacion-procesos-comerciales-pymes-2026\/","url":"https:\/\/www.impulsasuite.com\/blog\/webinar-propyme-digitalizacion-procesos-comerciales-pymes-2026\/","name":"Mat\u00edas Concha en el 8\u00b0 Webinar ProEmpresas 2026: Las empresas no pierden ventas por falta de clientes - Blog de IMPULSA Suite","isPartOf":{"@id":"https:\/\/www.impulsasuite.com\/blog\/#website"},"primaryImageOfPage":{"@id":"https:\/\/www.impulsasuite.com\/blog\/webinar-propyme-digitalizacion-procesos-comerciales-pymes-2026\/#primaryimage"},"image":{"@id":"https:\/\/www.impulsasuite.com\/blog\/webinar-propyme-digitalizacion-procesos-comerciales-pymes-2026\/#primaryimage"},"thumbnailUrl":"https:\/\/www.impulsasuite.com\/blog\/wp-content\/uploads\/2026\/04\/mati.png","datePublished":"2026-04-30T21:05:57+00:00","dateModified":"2026-04-30T21:10:11+00:00","breadcrumb":{"@id":"https:\/\/www.impulsasuite.com\/blog\/webinar-propyme-digitalizacion-procesos-comerciales-pymes-2026\/#breadcrumb"},"inLanguage":"es","potentialAction":[{"@type":"ReadAction","target":["https:\/\/www.impulsasuite.com\/blog\/webinar-propyme-digitalizacion-procesos-comerciales-pymes-2026\/"]}]},{"@type":"ImageObject","inLanguage":"es","@id":"https:\/\/www.impulsasuite.com\/blog\/webinar-propyme-digitalizacion-procesos-comerciales-pymes-2026\/#primaryimage","url":"https:\/\/www.impulsasuite.com\/blog\/wp-content\/uploads\/2026\/04\/mati.png","contentUrl":"https:\/\/www.impulsasuite.com\/blog\/wp-content\/uploads\/2026\/04\/mati.png","width":989,"height":776,"caption":"Mat\u00edas Concha, CEO y Fundador de IMPULSA Suite, expositor en el 8\u00b0 Webinar ProEmpresas 2026"},{"@type":"BreadcrumbList","@id":"https:\/\/www.impulsasuite.com\/blog\/webinar-propyme-digitalizacion-procesos-comerciales-pymes-2026\/#breadcrumb","itemListElement":[{"@type":"ListItem","position":1,"name":"Portada","item":"https:\/\/www.impulsasuite.com\/blog\/"},{"@type":"ListItem","position":2,"name":"Mat\u00edas Concha en el 8\u00b0 Webinar ProEmpresas 2026: Las empresas no pierden ventas por falta de clientes"}]},{"@type":"WebSite","@id":"https:\/\/www.impulsasuite.com\/blog\/#website","url":"https:\/\/www.impulsasuite.com\/blog\/","name":"Blog de IMPULSA - CRM, Marketing, Ventas y m\u00e1s","description":"","publisher":{"@id":"https:\/\/www.impulsasuite.com\/blog\/#organization"},"potentialAction":[{"@type":"SearchAction","target":{"@type":"EntryPoint","urlTemplate":"https:\/\/www.impulsasuite.com\/blog\/?s={search_term_string}"},"query-input":{"@type":"PropertyValueSpecification","valueRequired":true,"valueName":"search_term_string"}}],"inLanguage":"es"},{"@type":"Organization","@id":"https:\/\/www.impulsasuite.com\/blog\/#organization","name":"IMPULSA Suite","url":"https:\/\/www.impulsasuite.com\/blog\/","logo":{"@type":"ImageObject","inLanguage":"es","@id":"https:\/\/www.impulsasuite.com\/blog\/#\/schema\/logo\/image\/","url":"https:\/\/www.impulsasuite.com\/blog\/wp-content\/uploads\/2024\/09\/isologo-IMPULSA-Suite.png","contentUrl":"https:\/\/www.impulsasuite.com\/blog\/wp-content\/uploads\/2024\/09\/isologo-IMPULSA-Suite.png","width":1772,"height":1772,"caption":"IMPULSA Suite"},"image":{"@id":"https:\/\/www.impulsasuite.com\/blog\/#\/schema\/logo\/image\/"},"sameAs":["https:\/\/www.linkedin.com\/company\/impulsasuite\/","https:\/\/www.instagram.com\/impulsasuite\/"]},{"@type":"Person","@id":"https:\/\/www.impulsasuite.com\/blog\/#\/schema\/person\/656716a5cda36bc7b6af17ea7a8f3613","name":"Sebastian Leiva","image":{"@type":"ImageObject","inLanguage":"es","@id":"https:\/\/www.impulsasuite.com\/blog\/#\/schema\/person\/image\/","url":"https:\/\/secure.gravatar.com\/avatar\/83ae62ffb79545323caf1f284480f45a16e07e8a0ba983029e951ae458686bb1?s=96&d=mm&r=g","contentUrl":"https:\/\/secure.gravatar.com\/avatar\/83ae62ffb79545323caf1f284480f45a16e07e8a0ba983029e951ae458686bb1?s=96&d=mm&r=g","caption":"Sebastian Leiva"},"url":"https:\/\/www.impulsasuite.com\/blog\/author\/director-seo-claude\/"}]}},"_links":{"self":[{"href":"https:\/\/www.impulsasuite.com\/blog\/wp-json\/wp\/v2\/posts\/20794","targetHints":{"allow":["GET"]}}],"collection":[{"href":"https:\/\/www.impulsasuite.com\/blog\/wp-json\/wp\/v2\/posts"}],"about":[{"href":"https:\/\/www.impulsasuite.com\/blog\/wp-json\/wp\/v2\/types\/post"}],"author":[{"embeddable":true,"href":"https:\/\/www.impulsasuite.com\/blog\/wp-json\/wp\/v2\/users\/8"}],"replies":[{"embeddable":true,"href":"https:\/\/www.impulsasuite.com\/blog\/wp-json\/wp\/v2\/comments?post=20794"}],"version-history":[{"count":2,"href":"https:\/\/www.impulsasuite.com\/blog\/wp-json\/wp\/v2\/posts\/20794\/revisions"}],"predecessor-version":[{"id":20797,"href":"https:\/\/www.impulsasuite.com\/blog\/wp-json\/wp\/v2\/posts\/20794\/revisions\/20797"}],"wp:featuredmedia":[{"embeddable":true,"href":"https:\/\/www.impulsasuite.com\/blog\/wp-json\/wp\/v2\/media\/20792"}],"wp:attachment":[{"href":"https:\/\/www.impulsasuite.com\/blog\/wp-json\/wp\/v2\/media?parent=20794"}],"wp:term":[{"taxonomy":"category","embeddable":true,"href":"https:\/\/www.impulsasuite.com\/blog\/wp-json\/wp\/v2\/categories?post=20794"},{"taxonomy":"post_tag","embeddable":true,"href":"https:\/\/www.impulsasuite.com\/blog\/wp-json\/wp\/v2\/tags?post=20794"}],"curies":[{"name":"wp","href":"https:\/\/api.w.org\/{rel}","templated":true}]}}